{"id":1140,"date":"2022-11-01T17:03:03","date_gmt":"2022-11-01T16:03:03","guid":{"rendered":"https:\/\/monta.com\/de\/?p=1140"},"modified":"2024-09-12T09:24:02","modified_gmt":"2024-09-12T08:24:02","slug":"better-insights-for-everyone","status":"publish","type":"post","link":"https:\/\/monta.com\/de\/blog\/better-insights-for-everyone\/","title":{"rendered":"Bessere Einblicke f\u00fcr alle"},"content":{"rendered":"<figure class=\"wp-block-post-featured-image\"><img loading=\"lazy\" decoding=\"async\"  width=\"2920\" height=\"1460\" src=\"https:\/\/monta.com\/app\/uploads\/sites\/13\/2022\/11\/Insights-2.png\" class=\"attachment-post-thumbnail size-post-thumbnail wp-post-image\" alt=\"monta app mockup\" style=\"object-fit:cover;\" srcset=\"https:\/\/monta.com\/app\/uploads\/sites\/13\/2022\/11\/Insights-2.png 2920w, https:\/\/monta.com\/app\/uploads\/sites\/13\/2022\/11\/Insights-2-300x150.png 300w, https:\/\/monta.com\/app\/uploads\/sites\/13\/2022\/11\/Insights-2-1024x512.png 1024w, https:\/\/monta.com\/app\/uploads\/sites\/13\/2022\/11\/Insights-2-768x384.png 768w, https:\/\/monta.com\/app\/uploads\/sites\/13\/2022\/11\/Insights-2-1536x768.png 1536w, https:\/\/monta.com\/app\/uploads\/sites\/13\/2022\/11\/Insights-2-2048x1024.png 2048w\" sizes=\"auto, (max-width: 2920px) 100vw, 2920px\" \/><\/figure>\n\n\n<p>Viele Mieter*innen in Deutschland f\u00fcrchten steigende Nebenkostenabrechnungen angesichts der hohen Gas- und Strompreise. Bei vielen ist Sparen angesagt und daf\u00fcr ist es wichtig seinen Stromverbrauch so genau wie m\u00f6glich zu verstehen und zu verfolgen. F\u00fcr E-Fahrer*innen spielen dabei die Stromkosten, die f\u00fcr das Laden des E-Fahrzeugs zu Hause entstehen eine gro\u00dfe Rolle.&nbsp;<\/p>\n\n\n\n<p>Wie viele andere Monta-Nutzer*innen hast auch du vielleicht festgestellt, dass du in der Ansicht &#8222;Einblicke&#8220; in der Monta-App n\u00fctzliche Informationen sehen kannst. Diese Einblicke zeigten dir bisher jedoch nicht die Kosten f\u00fcr das Laden zu Hause an, sondern nur, was du beim Laden an anderen Ladestationen ausgegeben hast.<\/p>\n\n\n\n<p>Heutzutage ist Transparenz und klare Einsicht in die eigenen Kosten nicht nur ein nettes Angebot, sondern ein Muss. Wir tragen unseren Teil dazu bei, dir mehr Einblick in deine Heimladestation zu geben: Ladekosten und monatliche Zusammenfassungen der Gesamtausgaben. Dank unserer aktualisierten Einblicke-Ansicht hast du alles jederzeit im Blick.&nbsp;<\/p>\n\n\n\n<h2 class=\"wp-block-heading\">Eine interessante Hintergrundgeschichte<\/h2>\n\n\n\n<p>Du hast dir einen besseren Einblick in die tats\u00e4chlichen Kosten f\u00fcr das Laden deines Autos zu Hause gew\u00fcnscht. Bisher konnte unsere Einblicke-Ansicht nicht die Kosten f\u00fcr das Laden zu Hause anzeigen, sondern nur, was du beim Laden \u00fcber Monta an anderen Ladestationen ausgegeben hast.<\/p>\n\n\n\n<p>Unsere Nutzer*innen haben uns mitgeteilt, wie m\u00fchsam es f\u00fcr sie war, die Kosten f\u00fcr das Laden zu Hause zu erfassen: Sie mussten zum Beispiel einen Preis f\u00fcr ihre eigene Ladestation festlegen und die Ausgaben manuell zusammenfassen. So interessant es war von diesen intelligenten und kreativen L\u00f6sungen zu h\u00f6ren, so haben wir doch eine einfachere L\u00f6sung f\u00fcr dich entwickelt, um die Kostenverfolgung zu einer angenehmen Erfahrung, ohne viel Aufwand, zu machen.<\/p>\n\n\n\n<h2 class=\"wp-block-heading\">Wir stellen vor: die neue &#8222;Einblicke&#8220;-Ansicht f\u00fcr Heimanwender*innen<\/h2>\n\n\n\n<p>Zusammen mit einer \u00dcberarbeitung der Einblicke-Ansicht, haben wir Kostengruppen hinzugef\u00fcgt. Mit der \u00fcberarbeiteten Einblicke-Ansicht und den hinzugef\u00fcgten Kostengruppen sind Nutzer*innen bald in der Lage, ihre fixen Stromkosten pro kWh als Kosten in der Monta App zu verfolgen.<\/p>\n\n\n\n<p>Das kannst du in der neuen Einblicke-Ansicht sehen:<\/p>\n\n\n\n<ul class=\"wp-block-list\">\n<li>Gesamte Ladevorg\u00e4nge<\/li>\n\n\n\n<li>Insgesamt geladene kWh<\/li>\n\n\n\n<li>Gesamtkosten<\/li>\n\n\n\n<li>Gesamter durchschnittlicher kWh-Preis<\/li>\n<\/ul>\n\n\n\n<p>Die Einblicke-Ansicht wurde in zwei Bereiche aufgeteilt:<\/p>\n\n\n\n<ul class=\"wp-block-list\">\n<li><strong>Die Ansicht &#8222;\u00d6ffentliches Laden&#8220;<\/strong> zeigt alle Ladevorg\u00e4nge, die du an Ladestationen durchgef\u00fchrt hast, die du <strong>nicht<\/strong> besitzt.&nbsp;<\/li>\n\n\n\n<li><strong>Die Ansicht &#8222;Zuhause laden&#8220; zeigt <\/strong>deine Ladevorg\u00e4nge an Ladestationen, die zu einem pers\u00f6nlichen Team geh\u00f6ren, in dem du Eigent\u00fcmer*in oder Administrator*in bist.<\/li>\n<\/ul>\n\n\n\n<p>Weitere Einzelheiten zu der neuen Ansicht f\u00fcr Privatanwender*innen findest du in unserem Blogbeitrag zum Produktupdate dieses Monats.<\/p>\n\n\n\n<h2 class=\"wp-block-heading\">Bessere Darstellung der tats\u00e4chlichen Kosten<\/h2>\n\n\n\n<p><strong>Eine bessere Darstellung der tats\u00e4chlichen Kosten<\/strong> f\u00fcr privates Laden ist eine wertvolle Information f\u00fcr die Nutzer*innen. Sie m\u00fcssen sich nicht mehr fragen, wie viel von ihrer Stromrechnung auf das Laden von E-Fahrzeugen entf\u00e4llt und wie viel auf den restlichen Haushalt.&nbsp;<\/p>\n\n\n\n<figure class=\"wp-block-gallery has-nested-images columns-default is-cropped wp-block-gallery-1 is-layout-flex wp-block-gallery-is-layout-flex\">\n<figure class=\"wp-block-image size-large\"><img loading=\"lazy\" decoding=\"async\" width=\"507\" height=\"1024\" data-id=\"1144\" src=\"https:\/\/monta.com\/de\/wp-content\/uploads\/sites\/13\/2022\/11\/Home-insights-2-1-507x1024.png\" alt=\"\" class=\"wp-image-1144\" srcset=\"https:\/\/monta.com\/app\/uploads\/sites\/13\/2022\/11\/Home-insights-2-1-507x1024.png 507w, https:\/\/monta.com\/app\/uploads\/sites\/13\/2022\/11\/Home-insights-2-1-148x300.png 148w, https:\/\/monta.com\/app\/uploads\/sites\/13\/2022\/11\/Home-insights-2-1-768x1552.png 768w, https:\/\/monta.com\/app\/uploads\/sites\/13\/2022\/11\/Home-insights-2-1-760x1536.png 760w, https:\/\/monta.com\/app\/uploads\/sites\/13\/2022\/11\/Home-insights-2-1.png 840w\" sizes=\"auto, (max-width: 507px) 100vw, 507px\" \/><\/figure>\n\n\n\n<figure class=\"wp-block-image size-large\"><img loading=\"lazy\" decoding=\"async\" width=\"507\" height=\"1024\" data-id=\"1143\" src=\"https:\/\/monta.com\/de\/wp-content\/uploads\/sites\/13\/2022\/11\/Insights-view-vs.-home-2-2-507x1024.png\" alt=\"\" class=\"wp-image-1143\" srcset=\"https:\/\/monta.com\/app\/uploads\/sites\/13\/2022\/11\/Insights-view-vs.-home-2-2-507x1024.png 507w, https:\/\/monta.com\/app\/uploads\/sites\/13\/2022\/11\/Insights-view-vs.-home-2-2-148x300.png 148w, https:\/\/monta.com\/app\/uploads\/sites\/13\/2022\/11\/Insights-view-vs.-home-2-2-768x1552.png 768w, https:\/\/monta.com\/app\/uploads\/sites\/13\/2022\/11\/Insights-view-vs.-home-2-2-760x1536.png 760w, https:\/\/monta.com\/app\/uploads\/sites\/13\/2022\/11\/Insights-view-vs.-home-2-2.png 840w\" sizes=\"auto, (max-width: 507px) 100vw, 507px\" \/><\/figure>\n\n\n\n<figure class=\"wp-block-image size-large\"><img loading=\"lazy\" decoding=\"async\" width=\"507\" height=\"1024\" data-id=\"1145\" src=\"https:\/\/monta.com\/de\/wp-content\/uploads\/sites\/13\/2022\/11\/Insights-view-vs.-home-1-2-1-507x1024.png\" alt=\"\" class=\"wp-image-1145\" srcset=\"https:\/\/monta.com\/app\/uploads\/sites\/13\/2022\/11\/Insights-view-vs.-home-1-2-1-507x1024.png 507w, https:\/\/monta.com\/app\/uploads\/sites\/13\/2022\/11\/Insights-view-vs.-home-1-2-1-148x300.png 148w, https:\/\/monta.com\/app\/uploads\/sites\/13\/2022\/11\/Insights-view-vs.-home-1-2-1-768x1552.png 768w, https:\/\/monta.com\/app\/uploads\/sites\/13\/2022\/11\/Insights-view-vs.-home-1-2-1-760x1536.png 760w, https:\/\/monta.com\/app\/uploads\/sites\/13\/2022\/11\/Insights-view-vs.-home-1-2-1.png 840w\" sizes=\"auto, (max-width: 507px) 100vw, 507px\" \/><\/figure>\n<\/figure>\n\n\n\n<p>Die Monta-Backend-Plattform kann all diese Informationen analysieren. Wir hoffen, dass dies ein kleines hilfreiches Werkzeug ist, um durch die aktuell turbulente Zeit zu kommen.<\/p>\n\n\n\n<p>Diese Funktion wurde sich von unseren Nutzern*innen gew\u00fcnscht und durch sie inspiriert. <a href=\"https:\/\/monta.upvoty.com\/front\/frontUnavailable\/\" data-type=\"link\" data-id=\"https:\/\/monta.upvoty.com\/front\/frontUnavailable\/\" target=\"_blank\" rel=\"noopener\">Bitte sprich weiterhin mit uns<\/a> &#8211; gemeinsam k\u00f6nnen wir das Laden von Elektrofahrzeugen besser machen.\u00a0<\/p>\n","protected":false},"excerpt":{"rendered":"<p>Viele Mieter*innen in Deutschland f\u00fcrchten steigende Nebenkostenabrechnungen angesichts der hohen Gas- und Strompreise. Bei vielen ist Sparen angesagt und daf\u00fcr ist es wichtig seinen Stromverbrauch so genau wie m\u00f6glich zu verstehen und zu verfolgen. F\u00fcr E-Fahrer*innen spielen dabei die Stromkosten, die f\u00fcr das Laden des E-Fahrzeugs zu Hause entstehen eine gro\u00dfe Rolle.&nbsp; Wie viele andere &hellip; <a href=\"https:\/\/monta.com\/de\/blog\/better-insights-for-everyone\/\">Continued<\/a><\/p>\n","protected":false},"author":1,"featured_media":1141,"comment_status":"open","ping_status":"open","sticky":false,"template":"","format":"standard","meta":{"_acf_changed":false,"inline_featured_image":false,"footnotes":""},"categories":[12],"tags":[],"class_list":["post-1140","post","type-post","status-publish","format-standard","has-post-thumbnail","hentry","category-monta-update"],"acf":[],"featured_media_global":[],"_links":{"self":[{"href":"https:\/\/monta.com\/de\/wp-json\/wp\/v2\/posts\/1140","targetHints":{"allow":["GET"]}}],"collection":[{"href":"https:\/\/monta.com\/de\/wp-json\/wp\/v2\/posts"}],"about":[{"href":"https:\/\/monta.com\/de\/wp-json\/wp\/v2\/types\/post"}],"author":[{"embeddable":true,"href":"https:\/\/monta.com\/de\/wp-json\/wp\/v2\/users\/1"}],"replies":[{"embeddable":true,"href":"https:\/\/monta.com\/de\/wp-json\/wp\/v2\/comments?post=1140"}],"version-history":[{"count":0,"href":"https:\/\/monta.com\/de\/wp-json\/wp\/v2\/posts\/1140\/revisions"}],"wp:featuredmedia":[{"embeddable":true,"href":"https:\/\/monta.com\/de\/wp-json\/wp\/v2\/media\/1141"}],"wp:attachment":[{"href":"https:\/\/monta.com\/de\/wp-json\/wp\/v2\/media?parent=1140"}],"wp:term":[{"taxonomy":"category","embeddable":true,"href":"https:\/\/monta.com\/de\/wp-json\/wp\/v2\/categories?post=1140"},{"taxonomy":"post_tag","embeddable":true,"href":"https:\/\/monta.com\/de\/wp-json\/wp\/v2\/tags?post=1140"}],"curies":[{"name":"wp","href":"https:\/\/api.w.org\/{rel}","templated":true}]}}