{"id":924,"date":"2022-08-30T10:33:17","date_gmt":"2022-08-30T09:33:17","guid":{"rendered":"https:\/\/monta.com\/de\/?p=924"},"modified":"2024-09-11T16:36:24","modified_gmt":"2024-09-11T15:36:24","slug":"schluss-mit-der-roamingpreis-intransparenz","status":"publish","type":"post","link":"https:\/\/monta.com\/de\/blog\/schluss-mit-der-roamingpreis-intransparenz\/","title":{"rendered":"Schluss mit der Roamingpreis-Intransparenz"},"content":{"rendered":"\n<div class=\"wp-block-columns is-layout-flex wp-container-core-columns-is-layout-9d6595d7 wp-block-columns-is-layout-flex\">\n<div class=\"wp-block-column is-layout-flow wp-block-column-is-layout-flow\" style=\"flex-basis:100%\"><figure class=\"wp-block-post-featured-image\"><img loading=\"lazy\" decoding=\"async\"  width=\"1460\" height=\"730\" src=\"https:\/\/monta.com\/app\/uploads\/sites\/13\/2022\/08\/Hero-image-B2P-August-2023-2.png\" class=\"attachment-post-thumbnail size-post-thumbnail wp-post-image\" alt=\"woman checking her in-car navigation screen\" style=\"object-fit:cover;\" srcset=\"https:\/\/monta.com\/app\/uploads\/sites\/13\/2022\/08\/Hero-image-B2P-August-2023-2.png 1460w, https:\/\/monta.com\/app\/uploads\/sites\/13\/2022\/08\/Hero-image-B2P-August-2023-2-300x150.png 300w, https:\/\/monta.com\/app\/uploads\/sites\/13\/2022\/08\/Hero-image-B2P-August-2023-2-1024x512.png 1024w, https:\/\/monta.com\/app\/uploads\/sites\/13\/2022\/08\/Hero-image-B2P-August-2023-2-768x384.png 768w\" sizes=\"auto, (max-width: 1460px) 100vw, 1460px\" \/><\/figure><\/div>\n<\/div>\n\n\n\n<p>Wenn Sie der oder diejenige im Haus sind, der\/die die Stromrechnung bezahlt, gibt es vielleicht zwei Sachen, die Sie nicht mehr h\u00f6ren k\u00f6nnen: Unbest\u00e4ndigkeit und hohe Preise.<\/p>\n\n\n\n<p>Da der Strommarkt im ersten Quartal 2022 stark von den geopolitischen Spannungen beeinflusst wurde, sind die j\u00fcngsten Entwicklungen von der Angst vor Unterbrechungen der Versorgungskette, rekordhohen Preisen und Volatilit\u00e4t gepr\u00e4gt. <a href=\"https:\/\/commission.europa.eu\/documents\" target=\"_blank\" rel=\"noopener\">Der Strompreis in Europa lag im ersten Quartal 2022 bei durchschnittlich 201 \u20ac\/MWh<\/a> &#8211; das sind 281 % mehr als im ersten Quartal 2021. Das bedeutet, dass eine Vorhersage des Strompreises sehr schwierig ist und die Preise viel h\u00f6her sind als \u00fcblich.<\/p>\n\n\n\n<p>Dennoch <a href=\"https:\/\/www.ofgem.gov.uk\/our-role-and-responsibilities\" target=\"_blank\" rel=\"noreferrer noopener\">ist das Aufladen eines Elektrofahrzeugs etwa 50 % billiger als das Betanken eines Benzin- oder Dieselfahrzeugs<\/a>.\u00a0<\/p>\n\n\n\n<p>Die wahrscheinlich gr\u00f6\u00dfte Herausforderung f\u00fcr die Ladeindustrie besteht jedoch darin, dass die schwankenden und volatilen Strompreise die Verwaltung der Ladepunkte und insbesondere die Festlegung des richtigen Preises f\u00fcr das Laden sehr schwierig machen. Zahlreiche Akteure in der E-Lade-Branche &#8211; von Betreiber*innen von Ladestationen (Charge Point Operators, CPOs) \u00fcber Unternehmen, die ihren Mitarbeitern das Laden ihres Firmenwagens zu Hause erstatten, bis hin zu Wohnungsbaugesellschaften und privaten Haushalten &#8211; sind davon stark betroffen.&nbsp;<\/p>\n\n\n\n<p>Nat\u00fcrlich sp\u00fcren das auch die E-Fahrer*innen, vor allem wenn sie das \u00f6ffentliche Ladenetz nutzen.<\/p>\n\n\n\n<p>Mit dem Heranwachsen der Branche werden E-Fahrer*innen immer besser informiert und fordern zunehmend eine gerechtere und transparentere L\u00f6sung f\u00fcr die Ladepreise. Sie haben alle Werkzeuge zur Hand, um die Strompreise selbst zu verfolgen und festzustellen, ob eine Ladestation stark \u00fcberteuert ist. Dar\u00fcber hinaus war es f\u00fcr E-Fahrer*innen noch nie so einfach, schnell Alternativen zu finden.&nbsp;<\/p>\n\n\n\n<p>Die Situation auf dem Strommarkt und die Sensibilisierung der E-Fahrer*innen erfordern viel Know-how und schnelles Handeln von den Eigent\u00fcmer*nnen und Betreiber*innen von Ladestationen um sicherzustellen, dass der Preis f\u00fcr das Laden korrekt festgelegt wird. Wird dies nicht getan, kann es zu den folgenden Konsequenzen f\u00fchren&nbsp;<\/p>\n\n\n\n<ul class=\"wp-block-list\">\n<li>Einnahmeverluste, wenn der Ladepreis nicht entsprechend dem schwankenden Strompreis aktualisiert wird.<\/li>\n\n\n\n<li>Mehrarbeit, da Arbeitnehmer*innen m\u00f6glicherweise Kosten erstattet oder zus\u00e4tzliche Steuern abgerechnet werden m\u00fcssen, wenn Arbeitgeber*innen ihnen zu wenig oder zu viel f\u00fcrs Laden erstatten.&nbsp;<\/li>\n\n\n\n<li>E-Fahrer*innen meiden Ihre Ladestationen, da diese verglichen zu anderen Ladestationen zu teuer sind.&nbsp;<\/li>\n<\/ul>\n\n\n\n<p>Auch wenn der Markt M\u00f6glichkeiten bietet, flexible Preise f\u00fcr die Geb\u00fchrenerhebung festzulegen, erfordern die j\u00fcngsten Entwicklungen weitergehende Ma\u00dfnahmen. Ma\u00dfnahmen, die Transparenz f\u00fcr alle beteiligten Akteure gew\u00e4hrleisten und die im Idealfall keine manuelle Arbeit zur st\u00e4ndigen \u00dcberwachung und Aktualisierung der Preise erfordern.&nbsp;<\/p>\n\n\n\n<h2 class=\"wp-block-heading\">Warum gibt es keine M\u00f6glichkeit, den angebotenen Ladepreis automatisch mit dem tats\u00e4chlichen Strompreis zu verkn\u00fcpfen?&nbsp;<\/h2>\n\n\n\n<p>Das ist eine Frage, die uns bei Monta oft gestellt wird, und es scheint eine Selbstverst\u00e4ndlichkeit zu sein &#8211; warum bietet also keine Ladestation-Backend-Software diese L\u00f6sung? Daf\u00fcr gibt es einige Gr\u00fcnde:<\/p>\n\n\n\n<h3 class=\"wp-block-heading\">Die Dinge haben sich ge\u00e4ndert&#8230; und das sehr schnell&nbsp;<\/h3>\n\n\n\n<p>Man k\u00f6nnte sagen, dass der Preis f\u00fcr die Ladestationen in den letzten Jahren leicht vorhersehbar war, aber die Dinge haben sich schnell ge\u00e4ndert. Die IEA hat den durchschnittlichen Stromgro\u00dfhandelspreis seit 2016 dargestellt und gezeigt, dass die Strompreise seit dem letzten Jahr steigen, w\u00e4hrend sie in den Jahren davor recht stabil waren:<\/p>\n\n\n\n<figure class=\"wp-block-image size-large\"><img loading=\"lazy\" decoding=\"async\" width=\"1024\" height=\"520\" src=\"https:\/\/monta.com\/de\/wp-content\/uploads\/sites\/13\/2022\/08\/Screenshot-2022-08-30-at-11.17.21-1024x520.png\" alt=\"\" class=\"wp-image-927\" srcset=\"https:\/\/monta.com\/app\/uploads\/sites\/13\/2022\/08\/Screenshot-2022-08-30-at-11.17.21-1024x520.png 1024w, https:\/\/monta.com\/app\/uploads\/sites\/13\/2022\/08\/Screenshot-2022-08-30-at-11.17.21-300x152.png 300w, https:\/\/monta.com\/app\/uploads\/sites\/13\/2022\/08\/Screenshot-2022-08-30-at-11.17.21-768x390.png 768w, https:\/\/monta.com\/app\/uploads\/sites\/13\/2022\/08\/Screenshot-2022-08-30-at-11.17.21.png 1395w\" sizes=\"auto, (max-width: 1024px) 100vw, 1024px\" \/><figcaption class=\"wp-element-caption\">(<a href=\"https:\/\/www.iea.org\/data-and-statistics\/charts\/quarterly-average-wholesale-prices-and-futures-prices-estimates-for-selected-regions-2016-2023\" target=\"_blank\" rel=\"noopener\">Quelle der Grafik<\/a>)<\/figcaption><\/figure>\n\n\n\n<p>Daher lag man in der Regel recht nahe am tats\u00e4chlichen Strompreis, wenn man f\u00fcrs Laden einen Standardpreis, einen Ausweichwert und eine Geb\u00fchr dar\u00fcber, was man an einer Ladung verdienen wollte, einstellte. Das hei\u00dft, es bestand nicht die Notwendigkeit, eine L\u00f6sung zu entwickeln, die die stark schwankenden Strompreise eins-zu-eins abdeckt.&nbsp;<\/p>\n\n\n\n<h3 class=\"wp-block-heading\">Mit dem schnellen Wachstum der E-Fahrzeug-Industrie mitzukommen ist eine Herausforderung f\u00fcr sich<\/h3>\n\n\n\n<p>Das rasante Wachstum des E-Mobilit\u00e4tsmarktes stellt hohe Anforderungen an die Ladeindustrie: Sie muss eine solide Infrastruktur aufbauen, um diesem Wachstum gerecht zu werden, und erstklassige Tools f\u00fcr die Verwaltung der Infrastruktur bereitstellen. Es wird deutlich, dass viele Anbieter von Backend-L\u00f6sungen immer noch damit besch\u00e4ftigt sind, mit den grundlegendsten Funktionen Schritt zu halten und sich an die Anforderungen dieses schnell wachsenden Marktes anzupassen. Der schwankende Strompreis ist somit eine neue Herausforderung, die es zu bew\u00e4ltigen gilt, und daher eine neue Aufgabe, die sich auf den langen To-Do-Listen dieser Unternehmen hinten anreihen muss.<\/p>\n\n\n\n<h3 class=\"wp-block-heading\">Es ist eine technische Herausforderung&#8230; aber Monta hat sie gel\u00f6st.<\/h3>\n\n\n\n<p>Zu guter Letzt muss eine L\u00f6sung entwickelt werden, um die oben genannten Probleme zu l\u00f6sen. Das erfordert eine Menge Forschung, Zeit und Know-how. Wir bei Monta haben es uns zur Aufgabe gemacht, Ihnen die F\u00fchrung Ihres Unternehmens zu erleichtern. Deshalb arbeiten wir unerm\u00fcdlich daran, unser Produkt jeden Tag besser zu machen. Gl\u00fccklicherweise sind wir auch der Zeit weit voraus. Das bedeutet, dass Sie sehr bald die M\u00f6glichkeit haben werden, den angebotenen Ladepreis automatisch mit dem tats\u00e4chlichen Strompreis zu verkn\u00fcpfen. Stellen Sie sich das einmal vor: Sie m\u00fcssen Ihren Ladepreis nicht mehr manuell korrigieren &#8211; alles, was Sie tun m\u00fcssen, ist, die Spot-Pricing-Funktion zu aktivieren, und die Geb\u00fchr einstellen, die Sie an Ihren Ladungen verdienen m\u00f6chten. <strong>Wenn Sie neugierig geworden sind und unsere Spot Pricing-Funktion testen m\u00f6chten, senden Sie bitte eine E-Mail an <\/strong><a><strong>stayincharge@monta.com<\/strong><\/a><strong>!<\/strong>&nbsp;<\/p>\n\n\n\n<p><\/p>\n\n\n\n<p>Wenn Sie mehr wissen wollen, warten Sie auf unser n\u00e4chstes Produkt-Update: Entweder in unserem Newsletter oder auf unseren Social-Media-Kan\u00e4len (LinkedIn, Facebook, Instagram, Twitter). Wenn Sie sich noch nicht f\u00fcr unseren Newsletter angemeldet haben, k\u00f6nnen Sie das hier tun <a href=\"https:\/\/app.hubspot.com\/content-detail\/20114015\/landing-page\/73987817837\/performance\" target=\"_blank\" rel=\"noopener\">hier<\/a>.<\/p>\n","protected":false},"excerpt":{"rendered":"<p>Wenn Sie der oder diejenige im Haus sind, der\/die die Stromrechnung bezahlt, gibt es vielleicht zwei Sachen, die Sie nicht mehr h\u00f6ren k\u00f6nnen: Unbest\u00e4ndigkeit und hohe Preise. Da der Strommarkt im ersten Quartal 2022 stark von den geopolitischen Spannungen beeinflusst wurde, sind die j\u00fcngsten Entwicklungen von der Angst vor Unterbrechungen der Versorgungskette, rekordhohen Preisen und &hellip; <a href=\"https:\/\/monta.com\/de\/blog\/schluss-mit-der-roamingpreis-intransparenz\/\">Continued<\/a><\/p>\n","protected":false},"author":1,"featured_media":925,"comment_status":"open","ping_status":"open","sticky":false,"template":"","format":"standard","meta":{"_acf_changed":false,"inline_featured_image":false,"footnotes":""},"categories":[12],"tags":[],"class_list":["post-924","post","type-post","status-publish","format-standard","has-post-thumbnail","hentry","category-monta-update"],"acf":[],"featured_media_global":[],"_links":{"self":[{"href":"https:\/\/monta.com\/de\/wp-json\/wp\/v2\/posts\/924","targetHints":{"allow":["GET"]}}],"collection":[{"href":"https:\/\/monta.com\/de\/wp-json\/wp\/v2\/posts"}],"about":[{"href":"https:\/\/monta.com\/de\/wp-json\/wp\/v2\/types\/post"}],"author":[{"embeddable":true,"href":"https:\/\/monta.com\/de\/wp-json\/wp\/v2\/users\/1"}],"replies":[{"embeddable":true,"href":"https:\/\/monta.com\/de\/wp-json\/wp\/v2\/comments?post=924"}],"version-history":[{"count":0,"href":"https:\/\/monta.com\/de\/wp-json\/wp\/v2\/posts\/924\/revisions"}],"wp:featuredmedia":[{"embeddable":true,"href":"https:\/\/monta.com\/de\/wp-json\/wp\/v2\/media\/925"}],"wp:attachment":[{"href":"https:\/\/monta.com\/de\/wp-json\/wp\/v2\/media?parent=924"}],"wp:term":[{"taxonomy":"category","embeddable":true,"href":"https:\/\/monta.com\/de\/wp-json\/wp\/v2\/categories?post=924"},{"taxonomy":"post_tag","embeddable":true,"href":"https:\/\/monta.com\/de\/wp-json\/wp\/v2\/tags?post=924"}],"curies":[{"name":"wp","href":"https:\/\/api.w.org\/{rel}","templated":true}]}}